{"id":20933,"date":"2018-11-16T23:49:59","date_gmt":"2018-11-16T22:49:59","guid":{"rendered":"https:\/\/www.dancesocksbcn.com\/the-black-friday-reaches-to-dancewear\/"},"modified":"2019-11-28T11:07:37","modified_gmt":"2019-11-28T10:07:37","slug":"black-friday-llega-ropa-de-danza","status":"publish","type":"post","link":"https:\/\/www.dancesocksbcn.com\/es\/black-friday-llega-ropa-de-danza\/","title":{"rendered":"\u00a1El Black Friday llega a la ropa de danza!"},"content":{"rendered":"<div class=\"fusion-fullwidth fullwidth-box fusion-builder-row-1 nonhundred-percent-fullwidth non-hundred-percent-height-scrolling\" style=\"--awb-border-radius-top-left:0px;--awb-border-radius-top-right:0px;--awb-border-radius-bottom-right:0px;--awb-border-radius-bottom-left:0px;\" ><div class=\"fusion-builder-row fusion-row\"><div class=\"fusion-layout-column fusion_builder_column fusion-builder-column-0 fusion_builder_column_1_1 1_1 fusion-one-full fusion-column-first fusion-column-last\" style=\"--awb-bg-size:cover;--awb-margin-top:0px;--awb-margin-bottom:0px;\"><div class=\"fusion-column-wrapper fusion-flex-column-wrapper-legacy\"><div class=\"fusion-text fusion-text-1\"><h2><span style=\"font-weight: 400;\">El d\u00eda exacto del Black Friday de este a\u00f1o es el <strong>29<\/strong><\/span><b>\u00a0de Noviembre<\/b><span style=\"font-weight: 400;\">. Y queremos que lo aproveches al m\u00e1ximo, de manera que tendremos activados los descuentos desde ahora mismo hasta ma\u00f1ana viernes a medianoche.<\/span><\/h2>\n<p><span style=\"font-weight: 400;\">En pleno mes de Noviembre y con \u00e9l, como cada a\u00f1o, se repite la tradici\u00f3n de Estados Unidos, el <\/span><b>Black Friday<\/b><span style=\"font-weight: 400;\">.<\/span><\/p>\n<p><span style=\"font-weight: 400;\">Esta tradici\u00f3n estadounidense se ha ido popularizando al largo de cada a\u00f1o por su proximidad a las fechas navide\u00f1as y tambi\u00e9n por sus altos descuentos.\u00a0<\/span><span style=\"font-weight: 400;\">Se llama <\/span><b>viernes negro<\/b><span style=\"font-weight: 400;\"> porque los comercios pasan de n\u00fameros rojos a n\u00fameros negros, gracias a las ventas que llegan a hacer ese d\u00eda.<\/span><\/p>\n<p><span style=\"font-weight: 400;\">Para muchos, el Black Friday se convierte en una cita imposible de anular, por sus <a href=\"https:\/\/www.dancesocksbcn.com\/es\/\">grandes descuentos y tambi\u00e9n por el dinero que se puede llegar a ahorrar<\/a>.<\/span><\/p>\n<h3 style=\"text-align: center;\"><span style=\"color: #ff00ff;\">C\u00f3digo descuento a introducir en la pasarela de pago: BF19<\/span><\/h3>\n<\/div><div class=\"fusion-woo-product-slider fusion-woo-slider\"><div class=\"awb-carousel awb-swiper awb-swiper-carousel fusion-carousel-title-below-image\" data-metacontent=\"yes\" data-autoplay=\"no\" data-columns=\"5\" data-itemmargin=\"13\" data-itemwidth=\"180\" data-touchscroll=\"no\" data-imagesize=\"fixed\"><div class=\"swiper-wrapper\"><div class=\"swiper-slide\"><div class=\"fusion-clean-product-image-wrapper\"><div class=\"fusion-carousel-item-wrapper\"><div  class=\"fusion-image-wrapper fusion-image-size-fixed\" aria-haspopup=\"true\">\n\t\t\t\t<div class=\"fusion-woo-badges-wrapper\">\n\t<div class=\"fusion-out-of-stock\">\n\t\t<div class=\"fusion-position-text\">\n\t\t\tSin stock\t\t<\/div>\n\t<\/div>\n<\/div><img decoding=\"async\" width=\"134\" height=\"142\" src=\"https:\/\/www.dancesocksbcn.com\/wp-content\/uploads\/2018\/04\/customize-dance-socks-white.jpg\" class=\"attachment-portfolio-five size-portfolio-five wp-post-image\" alt=\"\" \/><div class=\"fusion-rollover\">\n\t<div class=\"fusion-rollover-content\">\n\n\t\t\t\t\n\t\t\n\t\t\t\t\t\t\t\t\n\t\t\t\t\t\t\t\t\n\t\t\n\t\t\t\t\t\t\t\t\n\t\t\t\t\t\t\n\t\t\t\t\t\t\t\t\t\t<div class=\"fusion-product-buttons\">\n\t\t\t\t\t\n<a href=\"https:\/\/www.dancesocksbcn.com\/es\/producto\/calcetines-de-danza-personalizados\/\" class=\"show_details_button\" style=\"float:none;max-width:none;text-align:center;\">\n\tDetails<\/a>\n\n\t\t\t\t<\/div>\n\t\t\t\t\t\t\t\t\t<a class=\"fusion-link-wrapper\" href=\"https:\/\/www.dancesocksbcn.com\/es\/producto\/calcetines-de-danza-personalizados\/\" aria-label=\"Calcetines de danza personalizados\"><\/a>\n\t<\/div>\n<\/div>\n<\/div>\n<h4 class=\"fusion-carousel-title product-title\"><a href=\"https:\/\/www.dancesocksbcn.com\/es\/producto\/calcetines-de-danza-personalizados\/\" target=\"_self\">Calcetines de danza personalizados<\/a><\/h4><div class=\"fusion-carousel-meta\"><a href=\"https:\/\/www.dancesocksbcn.com\/es\/product-category\/calcetines\/\" rel=\"tag\">Calcetines<\/a><div class=\"fusion-carousel-price\">\n\t<span class=\"price\"><span class=\"woocommerce-Price-amount amount\"><bdi>9,92<span class=\"woocommerce-Price-currencySymbol\">&euro;<\/span><\/bdi><\/span><\/span>\n<\/div><\/div><\/div><\/div><\/div><div class=\"swiper-slide\"><div class=\"fusion-clean-product-image-wrapper\"><div class=\"fusion-carousel-item-wrapper\"><div  class=\"fusion-image-wrapper fusion-image-size-fixed\" aria-haspopup=\"true\">\n\t\t\t\t<div class=\"fusion-woo-badges-wrapper\">\n<\/div><img decoding=\"async\" width=\"134\" height=\"142\" src=\"https:\/\/www.dancesocksbcn.com\/wp-content\/uploads\/2018\/03\/yoga-socks-2-product.jpg\" class=\"attachment-portfolio-five size-portfolio-five wp-post-image\" alt=\"calcetines de yoga\" \/><div class=\"fusion-rollover\">\n\t<div class=\"fusion-rollover-content\">\n\n\t\t\t\t\n\t\t\n\t\t\t\t\t\t\t\t\n\t\t\t\t\t\t\t\t\n\t\t\n\t\t\t\t\t\t\t\t\n\t\t\t\t\t\t\n\t\t\t\t\t\t\t\t\t\t<div class=\"fusion-product-buttons\">\n\t\t\t\t\t<a href=\"https:\/\/www.dancesocksbcn.com\/es\/producto\/calcetines-de-yoga\/\" data-quantity=\"1\" class=\"button product_type_variable add_to_cart_button\" data-product_id=\"20782\" data-product_sku=\"YO\" aria-label=\"Select options for &ldquo;Calcetines de Yoga&rdquo;\" rel=\"nofollow\">Select options<\/a><span class=\"fusion-rollover-linebreak\">\n\t\/<\/span>\n\n<a href=\"https:\/\/www.dancesocksbcn.com\/es\/producto\/calcetines-de-yoga\/\" class=\"show_details_button\">\n\tDetails<\/a>\n\n\t\t\t\t<\/div>\n\t\t\t\t\t\t\t\t\t<a class=\"fusion-link-wrapper\" href=\"https:\/\/www.dancesocksbcn.com\/es\/producto\/calcetines-de-yoga\/\" aria-label=\"Calcetines de Yoga\"><\/a>\n\t<\/div>\n<\/div>\n<\/div>\n<h4 class=\"fusion-carousel-title product-title\"><a href=\"https:\/\/www.dancesocksbcn.com\/es\/producto\/calcetines-de-yoga\/\" target=\"_self\">Calcetines de Yoga<\/a><\/h4><div class=\"fusion-carousel-meta\"><a href=\"https:\/\/www.dancesocksbcn.com\/es\/product-category\/calcetines\/\" rel=\"tag\">Calcetines<\/a><div class=\"fusion-carousel-price\">\n\t<span class=\"price\"><del aria-hidden=\"true\"><span class=\"woocommerce-Price-amount amount\"><bdi>15,70<span class=\"woocommerce-Price-currencySymbol\">&euro;<\/span><\/bdi><\/span><\/del> <ins><span class=\"woocommerce-Price-amount amount\"><bdi>7,44<span class=\"woocommerce-Price-currencySymbol\">&euro;<\/span><\/bdi><\/span><\/ins><\/span>\n<\/div><\/div><\/div><\/div><\/div><div class=\"swiper-slide\"><div class=\"fusion-clean-product-image-wrapper\"><div class=\"fusion-carousel-item-wrapper\"><div  class=\"fusion-image-wrapper fusion-image-size-fixed\" aria-haspopup=\"true\">\n\t\t\t\t<div class=\"fusion-woo-badges-wrapper\">\n<\/div><img decoding=\"async\" width=\"134\" height=\"142\" src=\"https:\/\/www.dancesocksbcn.com\/wp-content\/uploads\/2018\/03\/pilates-socks-product.jpg\" class=\"attachment-portfolio-five size-portfolio-five wp-post-image\" alt=\"calcetines antideslizantes para pilates\" \/><div class=\"fusion-rollover\">\n\t<div class=\"fusion-rollover-content\">\n\n\t\t\t\t\n\t\t\n\t\t\t\t\t\t\t\t\n\t\t\t\t\t\t\t\t\n\t\t\n\t\t\t\t\t\t\t\t\n\t\t\t\t\t\t\n\t\t\t\t\t\t\t\t\t\t<div class=\"fusion-product-buttons\">\n\t\t\t\t\t<a href=\"https:\/\/www.dancesocksbcn.com\/es\/producto\/caletines-de-pilates\/\" data-quantity=\"1\" class=\"button product_type_variable add_to_cart_button\" data-product_id=\"20756\" data-product_sku=\"PL\" aria-label=\"Select options for &ldquo;Caletines de Pilates&rdquo;\" rel=\"nofollow\">Select options<\/a><span class=\"fusion-rollover-linebreak\">\n\t\/<\/span>\n\n<a href=\"https:\/\/www.dancesocksbcn.com\/es\/producto\/caletines-de-pilates\/\" class=\"show_details_button\">\n\tDetails<\/a>\n\n\t\t\t\t<\/div>\n\t\t\t\t\t\t\t\t\t<a class=\"fusion-link-wrapper\" href=\"https:\/\/www.dancesocksbcn.com\/es\/producto\/caletines-de-pilates\/\" aria-label=\"Caletines de Pilates\"><\/a>\n\t<\/div>\n<\/div>\n<\/div>\n<h4 class=\"fusion-carousel-title product-title\"><a href=\"https:\/\/www.dancesocksbcn.com\/es\/producto\/caletines-de-pilates\/\" target=\"_self\">Caletines de Pilates<\/a><\/h4><div class=\"fusion-carousel-meta\"><a href=\"https:\/\/www.dancesocksbcn.com\/es\/product-category\/calcetines\/\" rel=\"tag\">Calcetines<\/a><div class=\"fusion-carousel-price\">\n\t<span class=\"price\"><del aria-hidden=\"true\"><span class=\"woocommerce-Price-amount amount\"><bdi>15,70<span class=\"woocommerce-Price-currencySymbol\">&euro;<\/span><\/bdi><\/span><\/del> <ins><span class=\"woocommerce-Price-amount amount\"><bdi>7,44<span class=\"woocommerce-Price-currencySymbol\">&euro;<\/span><\/bdi><\/span><\/ins><\/span>\n<\/div><\/div><\/div><\/div><\/div><div class=\"swiper-slide\"><div class=\"fusion-clean-product-image-wrapper\"><div class=\"fusion-carousel-item-wrapper\"><div  class=\"fusion-image-wrapper fusion-image-size-fixed\" aria-haspopup=\"true\">\n\t\t\t\t<div class=\"fusion-woo-badges-wrapper\">\n\t<div class=\"fusion-out-of-stock\">\n\t\t<div class=\"fusion-position-text\">\n\t\t\tSin stock\t\t<\/div>\n\t<\/div>\n<\/div><img decoding=\"async\" width=\"134\" height=\"142\" src=\"https:\/\/www.dancesocksbcn.com\/wp-content\/uploads\/2018\/03\/flamenco-socks-product.jpg\" class=\"attachment-portfolio-five size-portfolio-five wp-post-image\" alt=\"\" \/><div class=\"fusion-rollover\">\n\t<div class=\"fusion-rollover-content\">\n\n\t\t\t\t\n\t\t\n\t\t\t\t\t\t\t\t\n\t\t\t\t\t\t\t\t\n\t\t\n\t\t\t\t\t\t\t\t\n\t\t\t\t\t\t\n\t\t\t\t\t\t\t\t\t\t<div class=\"fusion-product-buttons\">\n\t\t\t\t\t\n<a href=\"https:\/\/www.dancesocksbcn.com\/es\/producto\/calcetines-de-flamenco\/\" class=\"show_details_button\" style=\"float:none;max-width:none;text-align:center;\">\n\tDetails<\/a>\n\n\t\t\t\t<\/div>\n\t\t\t\t\t\t\t\t\t<a class=\"fusion-link-wrapper\" href=\"https:\/\/www.dancesocksbcn.com\/es\/producto\/calcetines-de-flamenco\/\" aria-label=\"Calcetines de Flamenco\"><\/a>\n\t<\/div>\n<\/div>\n<\/div>\n<h4 class=\"fusion-carousel-title product-title\"><a href=\"https:\/\/www.dancesocksbcn.com\/es\/producto\/calcetines-de-flamenco\/\" target=\"_self\">Calcetines de Flamenco<\/a><\/h4><div class=\"fusion-carousel-meta\"><a href=\"https:\/\/www.dancesocksbcn.com\/es\/product-category\/calcetines\/\" rel=\"tag\">Calcetines<\/a><div class=\"fusion-carousel-price\">\n<\/div><\/div><\/div><\/div><\/div><div class=\"swiper-slide\"><div class=\"fusion-clean-product-image-wrapper\"><div class=\"fusion-carousel-item-wrapper\"><div  class=\"fusion-image-wrapper fusion-image-size-fixed\" aria-haspopup=\"true\">\n\t\t\t\t<div class=\"fusion-woo-badges-wrapper\">\n<\/div><img decoding=\"async\" width=\"134\" height=\"142\" src=\"https:\/\/www.dancesocksbcn.com\/wp-content\/uploads\/2018\/03\/dance-socks-black-product.jpg\" class=\"attachment-portfolio-five size-portfolio-five wp-post-image\" alt=\"\" \/><div class=\"fusion-rollover\">\n\t<div class=\"fusion-rollover-content\">\n\n\t\t\t\t\n\t\t\n\t\t\t\t\t\t\t\t\n\t\t\t\t\t\t\t\t\n\t\t\n\t\t\t\t\t\t\t\t\n\t\t\t\t\t\t\n\t\t\t\t\t\t\t\t\t\t<div class=\"fusion-product-buttons\">\n\t\t\t\t\t<a href=\"https:\/\/www.dancesocksbcn.com\/es\/producto\/calcetines-de-danza-contemporanea\/\" data-quantity=\"1\" class=\"button product_type_variable add_to_cart_button\" data-product_id=\"20799\" data-product_sku=\"CO\" aria-label=\"Select options for &ldquo;Calcetines de Danza Contempor\u00e1nea&rdquo;\" rel=\"nofollow\">Select options<\/a><span class=\"fusion-rollover-linebreak\">\n\t\/<\/span>\n\n<a href=\"https:\/\/www.dancesocksbcn.com\/es\/producto\/calcetines-de-danza-contemporanea\/\" class=\"show_details_button\">\n\tDetails<\/a>\n\n\t\t\t\t<\/div>\n\t\t\t\t\t\t\t\t\t<a class=\"fusion-link-wrapper\" href=\"https:\/\/www.dancesocksbcn.com\/es\/producto\/calcetines-de-danza-contemporanea\/\" aria-label=\"Calcetines de Danza Contempor\u00e1nea\"><\/a>\n\t<\/div>\n<\/div>\n<\/div>\n<h4 class=\"fusion-carousel-title product-title\"><a href=\"https:\/\/www.dancesocksbcn.com\/es\/producto\/calcetines-de-danza-contemporanea\/\" target=\"_self\">Calcetines de Danza Contempor\u00e1nea<\/a><\/h4><div class=\"fusion-carousel-meta\"><a href=\"https:\/\/www.dancesocksbcn.com\/es\/product-category\/calcetines\/\" rel=\"tag\">Calcetines<\/a><div class=\"fusion-carousel-price\">\n\t<span class=\"price\"><span class=\"woocommerce-Price-amount amount\"><bdi>7,44<span class=\"woocommerce-Price-currencySymbol\">&euro;<\/span><\/bdi><\/span><\/span>\n<\/div><\/div><\/div><\/div><\/div><\/div><div class=\"awb-swiper-button awb-swiper-button-prev\"><i class=\"awb-icon-angle-left\" aria-hidden=\"true\"><\/i><\/div><div class=\"awb-swiper-button awb-swiper-button-next\"><i class=\"awb-icon-angle-right\" aria-hidden=\"true\"><\/i><\/div><\/div><\/div><div class=\"fusion-clearfix\"><\/div><\/div><\/div><\/div><\/div>\n<p><a href=\"https:\/\/www.dancesocksbcn.com\/es\/\"><b>dance socks bcn<\/b><\/a><span style=\"font-weight: 400;\">\u00a0no va a ser menos, as\u00ed que nos queremos unir a este d\u00eda loco y <a href=\"https:\/\/www.dancesocksbcn.com\/es\/\">vamos a ofrecer todos nuestros productos con un 25% de descuento durante el d\u00eda del Black Friday de este mes<\/a>. \u00a1Un 25%! <\/span><\/p>\n<p><b>\u00a1Si el mundo se vuelve loco con los precios, nosotros tambi\u00e9n queremos!<\/b><b><\/b><\/p>\n<p>&nbsp;<\/p>\n<p>&nbsp;<\/p>\n","protected":false},"excerpt":{"rendered":"<p>dance socks bcn\u00a0no va a ser menos, as\u00ed que nos queremos unir a este d\u00eda loco y vamos a ofrecer [&hellip;]<\/p>\n","protected":false},"author":3,"featured_media":31501,"comment_status":"open","ping_status":"closed","sticky":false,"template":"","format":"standard","meta":{"footnotes":""},"categories":[246],"tags":[247,250,251,399,400,390],"class_list":["post-20933","post","type-post","status-publish","format-standard","has-post-thumbnail","hentry","category-black-friday-es","tag-black-friday-es","tag-dance-socks-bcn-es","tag-dancewear-es","tag-descuentos","tag-promocion","tag-ropa-de-danza"],"yoast_head":"<!-- This site is optimized with the Yoast SEO plugin v19.13 - https:\/\/yoast.com\/wordpress\/plugins\/seo\/ -->\n<title>\u00a1El Black Friday llega a la ropa de danza! &bull; dance socks bcn<\/title>\n<meta name=\"description\" content=\"dance socks bcn\u00a0no va a ser menos, as\u00ed que nos queremos unir a este d\u00eda loco y vamos a ofrecer todos nuestros productos con un 50% de descuento!!\" \/>\n<meta name=\"robots\" content=\"index, follow, max-snippet:-1, max-image-preview:large, max-video-preview:-1\" \/>\n<link rel=\"canonical\" href=\"https:\/\/www.dancesocksbcn.com\/es\/black-friday-llega-ropa-de-danza\/\" \/>\n<meta property=\"og:locale\" content=\"es_ES\" \/>\n<meta property=\"og:type\" content=\"article\" \/>\n<meta property=\"og:title\" content=\"\u00a1El Black Friday llega a la ropa de danza! &bull; dance socks bcn\" \/>\n<meta property=\"og:description\" content=\"dance socks bcn\u00a0no va a ser menos, as\u00ed que nos queremos unir a este d\u00eda loco y vamos a ofrecer todos nuestros productos con un 50% de descuento!!\" \/>\n<meta property=\"og:url\" content=\"https:\/\/www.dancesocksbcn.com\/es\/black-friday-llega-ropa-de-danza\/\" \/>\n<meta property=\"og:site_name\" content=\"dance socks bcn\" \/>\n<meta property=\"article:publisher\" content=\"https:\/\/www.facebook.com\/dancesocksbcn\/\" \/>\n<meta property=\"article:published_time\" content=\"2018-11-16T22:49:59+00:00\" \/>\n<meta property=\"article:modified_time\" content=\"2019-11-28T10:07:37+00:00\" \/>\n<meta property=\"og:image\" content=\"https:\/\/dancesocksbcn.b-cdn.net\/wp-content\/uploads\/2018\/11\/3-1.png\" \/>\n\t<meta property=\"og:image:width\" content=\"800\" \/>\n\t<meta property=\"og:image:height\" content=\"800\" \/>\n\t<meta property=\"og:image:type\" content=\"image\/png\" \/>\n<meta name=\"author\" content=\"dsb team\" \/>\n<meta name=\"twitter:card\" content=\"summary_large_image\" \/>\n<meta name=\"twitter:creator\" content=\"@dancesocksbcn\" \/>\n<meta name=\"twitter:site\" content=\"@dancesocksbcn\" \/>\n<meta name=\"twitter:label1\" content=\"Escrito por\" \/>\n\t<meta name=\"twitter:data1\" content=\"dsb team\" \/>\n\t<meta name=\"twitter:label2\" content=\"Tiempo de lectura\" \/>\n\t<meta name=\"twitter:data2\" content=\"2 minutos\" \/>\n<script type=\"application\/ld+json\" class=\"yoast-schema-graph\">{\"@context\":\"https:\/\/schema.org\",\"@graph\":[{\"@type\":\"Article\",\"@id\":\"https:\/\/www.dancesocksbcn.com\/es\/black-friday-llega-ropa-de-danza\/#article\",\"isPartOf\":{\"@id\":\"https:\/\/www.dancesocksbcn.com\/es\/black-friday-llega-ropa-de-danza\/\"},\"author\":{\"name\":\"dsb team\",\"@id\":\"https:\/\/www.dancesocksbcn.com\/es\/#\/schema\/person\/309e4342cd81b8af4d1030077e52850a\"},\"headline\":\"\u00a1El Black Friday llega a la ropa de danza!\",\"datePublished\":\"2018-11-16T22:49:59+00:00\",\"dateModified\":\"2019-11-28T10:07:37+00:00\",\"mainEntityOfPage\":{\"@id\":\"https:\/\/www.dancesocksbcn.com\/es\/black-friday-llega-ropa-de-danza\/\"},\"wordCount\":427,\"commentCount\":0,\"publisher\":{\"@id\":\"https:\/\/www.dancesocksbcn.com\/es\/#organization\"},\"keywords\":[\"black friday\",\"dance socks bcn\",\"dancewear\",\"descuentos\",\"promoci\u00f3n\",\"ropa de danza\"],\"articleSection\":[\"Black Friday\"],\"inLanguage\":\"es\",\"potentialAction\":[{\"@type\":\"CommentAction\",\"name\":\"Comment\",\"target\":[\"https:\/\/www.dancesocksbcn.com\/es\/black-friday-llega-ropa-de-danza\/#respond\"]}]},{\"@type\":\"WebPage\",\"@id\":\"https:\/\/www.dancesocksbcn.com\/es\/black-friday-llega-ropa-de-danza\/\",\"url\":\"https:\/\/www.dancesocksbcn.com\/es\/black-friday-llega-ropa-de-danza\/\",\"name\":\"\u00a1El Black Friday llega a la ropa de danza! &bull; dance socks bcn\",\"isPartOf\":{\"@id\":\"https:\/\/www.dancesocksbcn.com\/es\/#website\"},\"datePublished\":\"2018-11-16T22:49:59+00:00\",\"dateModified\":\"2019-11-28T10:07:37+00:00\",\"description\":\"dance socks bcn\u00a0no va a ser menos, as\u00ed que nos queremos unir a este d\u00eda loco y vamos a ofrecer todos nuestros productos con un 50% de descuento!!\",\"breadcrumb\":{\"@id\":\"https:\/\/www.dancesocksbcn.com\/es\/black-friday-llega-ropa-de-danza\/#breadcrumb\"},\"inLanguage\":\"es\",\"potentialAction\":[{\"@type\":\"ReadAction\",\"target\":[\"https:\/\/www.dancesocksbcn.com\/es\/black-friday-llega-ropa-de-danza\/\"]}]},{\"@type\":\"BreadcrumbList\",\"@id\":\"https:\/\/www.dancesocksbcn.com\/es\/black-friday-llega-ropa-de-danza\/#breadcrumb\",\"itemListElement\":[{\"@type\":\"ListItem\",\"position\":1,\"name\":\"Home\",\"item\":\"https:\/\/www.dancesocksbcn.com\/es\/\"},{\"@type\":\"ListItem\",\"position\":2,\"name\":\"\u00a1El Black Friday llega a la ropa de danza!\"}]},{\"@type\":\"WebSite\",\"@id\":\"https:\/\/www.dancesocksbcn.com\/es\/#website\",\"url\":\"https:\/\/www.dancesocksbcn.com\/es\/\",\"name\":\"dance socks bcn\",\"description\":\"Designed by dancers. Daily dance use.\",\"publisher\":{\"@id\":\"https:\/\/www.dancesocksbcn.com\/es\/#organization\"},\"potentialAction\":[{\"@type\":\"SearchAction\",\"target\":{\"@type\":\"EntryPoint\",\"urlTemplate\":\"https:\/\/www.dancesocksbcn.com\/es\/?s={search_term_string}\"},\"query-input\":\"required name=search_term_string\"}],\"inLanguage\":\"es\"},{\"@type\":\"Organization\",\"@id\":\"https:\/\/www.dancesocksbcn.com\/es\/#organization\",\"name\":\"dance socks bcn\",\"url\":\"https:\/\/www.dancesocksbcn.com\/es\/\",\"logo\":{\"@type\":\"ImageObject\",\"inLanguage\":\"es\",\"@id\":\"https:\/\/www.dancesocksbcn.com\/es\/#\/schema\/logo\/image\/\",\"url\":\"https:\/\/dancesocksbcn.b-cdn.net\/wp-content\/uploads\/2018\/04\/logo-dance-socks-bcn.png\",\"contentUrl\":\"https:\/\/dancesocksbcn.b-cdn.net\/wp-content\/uploads\/2018\/04\/logo-dance-socks-bcn.png\",\"width\":206,\"height\":150,\"caption\":\"dance socks bcn\"},\"image\":{\"@id\":\"https:\/\/www.dancesocksbcn.com\/es\/#\/schema\/logo\/image\/\"},\"sameAs\":[\"https:\/\/www.instagram.com\/dancesocksbcn\/\",\"https:\/\/www.pinterest.es\/dancesocksbcn\",\"https:\/\/www.youtube.com\/channel\/UC1AUmn1kqqoih2wYgNUiuYQ\",\"https:\/\/www.facebook.com\/dancesocksbcn\/\",\"https:\/\/twitter.com\/dancesocksbcn\"]},{\"@type\":\"Person\",\"@id\":\"https:\/\/www.dancesocksbcn.com\/es\/#\/schema\/person\/309e4342cd81b8af4d1030077e52850a\",\"name\":\"dsb team\",\"image\":{\"@type\":\"ImageObject\",\"inLanguage\":\"es\",\"@id\":\"https:\/\/www.dancesocksbcn.com\/es\/#\/schema\/person\/image\/\",\"url\":\"https:\/\/secure.gravatar.com\/avatar\/bce705da8a6e442332708a16513e926bf6703a8e682de56dc61c7b98939e2d28?s=96&d=mm&r=g\",\"contentUrl\":\"https:\/\/secure.gravatar.com\/avatar\/bce705da8a6e442332708a16513e926bf6703a8e682de56dc61c7b98939e2d28?s=96&d=mm&r=g\",\"caption\":\"dsb team\"}}]}<\/script>\n<!-- \/ Yoast SEO plugin. -->","yoast_head_json":{"title":"\u00a1El Black Friday llega a la ropa de danza! &bull; dance socks bcn","description":"dance socks bcn\u00a0no va a ser menos, as\u00ed que nos queremos unir a este d\u00eda loco y vamos a ofrecer todos nuestros productos con un 50% de descuento!!","robots":{"index":"index","follow":"follow","max-snippet":"max-snippet:-1","max-image-preview":"max-image-preview:large","max-video-preview":"max-video-preview:-1"},"canonical":"https:\/\/www.dancesocksbcn.com\/es\/black-friday-llega-ropa-de-danza\/","og_locale":"es_ES","og_type":"article","og_title":"\u00a1El Black Friday llega a la ropa de danza! &bull; dance socks bcn","og_description":"dance socks bcn\u00a0no va a ser menos, as\u00ed que nos queremos unir a este d\u00eda loco y vamos a ofrecer todos nuestros productos con un 50% de descuento!!","og_url":"https:\/\/www.dancesocksbcn.com\/es\/black-friday-llega-ropa-de-danza\/","og_site_name":"dance socks bcn","article_publisher":"https:\/\/www.facebook.com\/dancesocksbcn\/","article_published_time":"2018-11-16T22:49:59+00:00","article_modified_time":"2019-11-28T10:07:37+00:00","og_image":[{"width":800,"height":800,"url":"https:\/\/dancesocksbcn.b-cdn.net\/wp-content\/uploads\/2018\/11\/3-1.png","type":"image\/png"}],"author":"dsb team","twitter_card":"summary_large_image","twitter_creator":"@dancesocksbcn","twitter_site":"@dancesocksbcn","twitter_misc":{"Escrito por":"dsb team","Tiempo de lectura":"2 minutos"},"schema":{"@context":"https:\/\/schema.org","@graph":[{"@type":"Article","@id":"https:\/\/www.dancesocksbcn.com\/es\/black-friday-llega-ropa-de-danza\/#article","isPartOf":{"@id":"https:\/\/www.dancesocksbcn.com\/es\/black-friday-llega-ropa-de-danza\/"},"author":{"name":"dsb team","@id":"https:\/\/www.dancesocksbcn.com\/es\/#\/schema\/person\/309e4342cd81b8af4d1030077e52850a"},"headline":"\u00a1El Black Friday llega a la ropa de danza!","datePublished":"2018-11-16T22:49:59+00:00","dateModified":"2019-11-28T10:07:37+00:00","mainEntityOfPage":{"@id":"https:\/\/www.dancesocksbcn.com\/es\/black-friday-llega-ropa-de-danza\/"},"wordCount":427,"commentCount":0,"publisher":{"@id":"https:\/\/www.dancesocksbcn.com\/es\/#organization"},"keywords":["black friday","dance socks bcn","dancewear","descuentos","promoci\u00f3n","ropa de danza"],"articleSection":["Black Friday"],"inLanguage":"es","potentialAction":[{"@type":"CommentAction","name":"Comment","target":["https:\/\/www.dancesocksbcn.com\/es\/black-friday-llega-ropa-de-danza\/#respond"]}]},{"@type":"WebPage","@id":"https:\/\/www.dancesocksbcn.com\/es\/black-friday-llega-ropa-de-danza\/","url":"https:\/\/www.dancesocksbcn.com\/es\/black-friday-llega-ropa-de-danza\/","name":"\u00a1El Black Friday llega a la ropa de danza! &bull; dance socks bcn","isPartOf":{"@id":"https:\/\/www.dancesocksbcn.com\/es\/#website"},"datePublished":"2018-11-16T22:49:59+00:00","dateModified":"2019-11-28T10:07:37+00:00","description":"dance socks bcn\u00a0no va a ser menos, as\u00ed que nos queremos unir a este d\u00eda loco y vamos a ofrecer todos nuestros productos con un 50% de descuento!!","breadcrumb":{"@id":"https:\/\/www.dancesocksbcn.com\/es\/black-friday-llega-ropa-de-danza\/#breadcrumb"},"inLanguage":"es","potentialAction":[{"@type":"ReadAction","target":["https:\/\/www.dancesocksbcn.com\/es\/black-friday-llega-ropa-de-danza\/"]}]},{"@type":"BreadcrumbList","@id":"https:\/\/www.dancesocksbcn.com\/es\/black-friday-llega-ropa-de-danza\/#breadcrumb","itemListElement":[{"@type":"ListItem","position":1,"name":"Home","item":"https:\/\/www.dancesocksbcn.com\/es\/"},{"@type":"ListItem","position":2,"name":"\u00a1El Black Friday llega a la ropa de danza!"}]},{"@type":"WebSite","@id":"https:\/\/www.dancesocksbcn.com\/es\/#website","url":"https:\/\/www.dancesocksbcn.com\/es\/","name":"dance socks bcn","description":"Designed by dancers. Daily dance use.","publisher":{"@id":"https:\/\/www.dancesocksbcn.com\/es\/#organization"},"potentialAction":[{"@type":"SearchAction","target":{"@type":"EntryPoint","urlTemplate":"https:\/\/www.dancesocksbcn.com\/es\/?s={search_term_string}"},"query-input":"required name=search_term_string"}],"inLanguage":"es"},{"@type":"Organization","@id":"https:\/\/www.dancesocksbcn.com\/es\/#organization","name":"dance socks bcn","url":"https:\/\/www.dancesocksbcn.com\/es\/","logo":{"@type":"ImageObject","inLanguage":"es","@id":"https:\/\/www.dancesocksbcn.com\/es\/#\/schema\/logo\/image\/","url":"https:\/\/dancesocksbcn.b-cdn.net\/wp-content\/uploads\/2018\/04\/logo-dance-socks-bcn.png","contentUrl":"https:\/\/dancesocksbcn.b-cdn.net\/wp-content\/uploads\/2018\/04\/logo-dance-socks-bcn.png","width":206,"height":150,"caption":"dance socks bcn"},"image":{"@id":"https:\/\/www.dancesocksbcn.com\/es\/#\/schema\/logo\/image\/"},"sameAs":["https:\/\/www.instagram.com\/dancesocksbcn\/","https:\/\/www.pinterest.es\/dancesocksbcn","https:\/\/www.youtube.com\/channel\/UC1AUmn1kqqoih2wYgNUiuYQ","https:\/\/www.facebook.com\/dancesocksbcn\/","https:\/\/twitter.com\/dancesocksbcn"]},{"@type":"Person","@id":"https:\/\/www.dancesocksbcn.com\/es\/#\/schema\/person\/309e4342cd81b8af4d1030077e52850a","name":"dsb team","image":{"@type":"ImageObject","inLanguage":"es","@id":"https:\/\/www.dancesocksbcn.com\/es\/#\/schema\/person\/image\/","url":"https:\/\/secure.gravatar.com\/avatar\/bce705da8a6e442332708a16513e926bf6703a8e682de56dc61c7b98939e2d28?s=96&d=mm&r=g","contentUrl":"https:\/\/secure.gravatar.com\/avatar\/bce705da8a6e442332708a16513e926bf6703a8e682de56dc61c7b98939e2d28?s=96&d=mm&r=g","caption":"dsb team"}}]}},"_links":{"self":[{"href":"https:\/\/www.dancesocksbcn.com\/es\/wp-json\/wp\/v2\/posts\/20933","targetHints":{"allow":["GET"]}}],"collection":[{"href":"https:\/\/www.dancesocksbcn.com\/es\/wp-json\/wp\/v2\/posts"}],"about":[{"href":"https:\/\/www.dancesocksbcn.com\/es\/wp-json\/wp\/v2\/types\/post"}],"author":[{"embeddable":true,"href":"https:\/\/www.dancesocksbcn.com\/es\/wp-json\/wp\/v2\/users\/3"}],"replies":[{"embeddable":true,"href":"https:\/\/www.dancesocksbcn.com\/es\/wp-json\/wp\/v2\/comments?post=20933"}],"version-history":[{"count":0,"href":"https:\/\/www.dancesocksbcn.com\/es\/wp-json\/wp\/v2\/posts\/20933\/revisions"}],"wp:featuredmedia":[{"embeddable":true,"href":"https:\/\/www.dancesocksbcn.com\/es\/wp-json\/wp\/v2\/media\/31501"}],"wp:attachment":[{"href":"https:\/\/www.dancesocksbcn.com\/es\/wp-json\/wp\/v2\/media?parent=20933"}],"wp:term":[{"taxonomy":"category","embeddable":true,"href":"https:\/\/www.dancesocksbcn.com\/es\/wp-json\/wp\/v2\/categories?post=20933"},{"taxonomy":"post_tag","embeddable":true,"href":"https:\/\/www.dancesocksbcn.com\/es\/wp-json\/wp\/v2\/tags?post=20933"}],"curies":[{"name":"wp","href":"https:\/\/api.w.org\/{rel}","templated":true}]}}